{"id":403,"date":"2013-11-07T14:32:14","date_gmt":"2013-11-07T14:32:14","guid":{"rendered":"http:\/\/www.encontrabuzios.com.br\/noticias\/?p=403"},"modified":"2013-11-07T14:32:14","modified_gmt":"2013-11-07T14:32:14","slug":"buzios-comemora-18-anos-com-shows-e-desfile-civico-a-partir-de-sexta-feira","status":"publish","type":"post","link":"https:\/\/www.encontrabuzios.com.br\/noticias\/buzios-comemora-18-anos-com-shows-e-desfile-civico-a-partir-de-sexta-feira\/","title":{"rendered":"B\u00fazios comemora 18 anos com shows e desfile c\u00edvico, a partir de sexta-feira"},"content":{"rendered":"<p>A partir desta sexta-feira, dia 8 de novembro, a cidade de B\u00fazios inicia a programa\u00e7\u00e3o que celebra 18 anos de emancipa\u00e7\u00e3o pol\u00edtico-administrativa do munic\u00edpio. At\u00e9 o dia 12, data de anivers\u00e1rio da cidade, moradores e visitantes ser\u00e3o contemplados com shows de grandes nomes da m\u00fasica brasileira, louvor e desfile c\u00edvico com a presen\u00e7a da Banda de Fuzileiros Navais do Estado do Rio de Janeiro. As apresenta\u00e7\u00f5es ser\u00e3o no campo da Sociedade Esportiva de B\u00fazios (SEB), no Centro da cidade.<\/p>\n<p>A festa come\u00e7a, no dia 8, com apresenta\u00e7\u00e3o da Orquestra Sinf\u00f4nica do Corpo de Bombeiros, \u00e0s 19h. A partir das 20h, a Banda Fam\u00edlia Consagrados sobe ao palco para abrir uma noite de louvor e emo\u00e7\u00e3o neste primeiro dia de comemora\u00e7\u00f5es. Logo ap\u00f3s, \u00e0s 22h, quem se apresenta \u00e9 o cantor Davi Sacer. Com nove anos de carreira e dono de uma voz marcante, Davi \u00e9 apontado como um dos maiores expoentes da m\u00fasica gospel nacional na atualidade. Sucesso em 66 pa\u00edses, com mais de quatro milh\u00f5es de discos vendidos, o cantor j\u00e1 concorreu, durante cinco anos consecutivos (2005 a 2009), a diversas categorias do Trof\u00e9u Talento, uma das maiores premia\u00e7\u00f5es da m\u00fasica crist\u00e3 brasileira. Para encerrar a noite do dia 8, a partir das 23h30, a Embaixada da Adora\u00e7\u00e3o se apresenta no campo da SEB.<\/p>\n<p>No s\u00e1bado, dia 9, a celebra\u00e7\u00e3o pelos 18 anos de B\u00fazios come\u00e7a \u00e0s 20h, com show cat\u00f3lico do Minist\u00e9rio Santana, seguido pela tamb\u00e9m cantora cat\u00f3lica Adriana Arydes, que sobe ao palco do campo da SEB, \u00e0s 22h. No domingo, dia 10, o cantor buziano Luiz Carlos abre a noite, a partir das 20h, cantando sucessos da MPB. Logo ap\u00f3s, \u00e0s 22h, Fernanda Abreu promete agitar o p\u00fablico revivendo marcos dos seus quase 30 anos de carreira. Al\u00e9m de sucessos da \u00e9poca em que ainda era vocal de apoio da banda Blitz, Fernanda Abreu vai relembrar can\u00e7\u00f5es como \u201cRio 40 Graus\u201d, \u201cGarota Sangue Bom\u201d, \u201cVeneno da Lata\u201d e \u201cK\u00e1tia Fl\u00e1via\u201d, que tornaram a cantora uma das vozes femininas de maior destaque da m\u00fasica brasileira. Para fechar a noite, a banda local Voz da Raz\u00e3o realiza show de pagode a partir das 23h50.<\/p>\n<p>No dia 11, segunda-feira, v\u00e9spera do feriado municipal, a programa\u00e7\u00e3o continua com muitos shows. A partir das 20h, a banda de pagode Lance Maneiro se apresenta no campo da SEB, para mais uma noite de muito agito. Logo ap\u00f3s, uma das grandes revela\u00e7\u00f5es do pagode nacional, Mumuzinho, sobe ao palco \u00e0s 22h. Apadrinhado por grandes nomes do samba como Alcione, Dudu Nobre e Zeca Pagodinho, o cantor tamb\u00e9m acumula trabalhos como ator nos filmes \u201cCidade de Deus\u201d, \u201cTropa de Elite\u201d e \u201cPreamar\u201d. Atualmente, \u00e9 contratado pela Rede Globo de televis\u00e3o como integrante do programa \u201cEsquenta\u201d da apresentadora Regina Cas\u00e9. Para fechar o quarto dia de festa, \u00e0s 23h30, o cantor Andr\u00e9 Viana sobe ao palco, prometendo n\u00e3o deixar ningu\u00e9m parado com grandes sucessos pop.<\/p>\n<p>No dia do anivers\u00e1rio da cidade, ter\u00e7a-feira, 12 de novembro, a programa\u00e7\u00e3o come\u00e7a \u00e0s 8h, com desfile c\u00edvico, na Via Azul, no Centro. Est\u00e3o programados desfiles de diversas bandas convidadas e escolas municipais da cidade. Est\u00e3o confirmadas a banda de Fuzileiros Navais do Estado do Rio de Janeiro; banda Alda, de Mag\u00e9; banda do Col\u00e9gio Estadual Pinto Lima, de Niter\u00f3i; e banda Inai\u00e1 Moraes de Couto, de Rio das Ostras, al\u00e9m de\u00a0 bandas convidadas do munic\u00edpio de S\u00e3o Pedro da Aldeia.<\/p>\n<p>A festa continua \u00e0 noite, quando a banda local Faces do Abstrato se apresenta com grande show de pop rock, a partir das 20h. Em seguida, a principal atra\u00e7\u00e3o da noite promete trazer um grande p\u00fablico para o campo da SEB: \u00e0s 22h30, sobe ao palco a banda mineira Jota Quest, relembrando grandes sucessos como &#8220;Dores do Mundo&#8221; e &#8220;Encontrar Algu\u00e9m&#8221;. Para encerrar a programa\u00e7\u00e3o de anivers\u00e1rio da cidade, a banda de pagode, Arma Samba, canta \u00e0s 23h30.<\/p>\n","protected":false},"excerpt":{"rendered":"<p>A partir desta sexta-feira, dia 8 de novembro, a cidade de B\u00fazios inicia a programa\u00e7\u00e3o que celebra 18 anos de emancipa\u00e7\u00e3o pol\u00edtico-administrativa do munic\u00edpio. At\u00e9 o dia 12, data de anivers\u00e1rio da cidade, moradores e visitantes ser\u00e3o contemplados com shows de grandes nomes da m\u00fasica brasileira, louvor e desfile c\u00edvico com a presen\u00e7a da Banda [&hellip;]<\/p>\n","protected":false},"author":1,"featured_media":0,"comment_status":"open","ping_status":"open","sticky":false,"template":"","format":"standard","meta":{"footnotes":""},"categories":[6],"tags":[],"class_list":["post-403","post","type-post","status-publish","format-standard","hentry","category-noticias"],"_links":{"self":[{"href":"https:\/\/www.encontrabuzios.com.br\/noticias\/wp-json\/wp\/v2\/posts\/403","targetHints":{"allow":["GET"]}}],"collection":[{"href":"https:\/\/www.encontrabuzios.com.br\/noticias\/wp-json\/wp\/v2\/posts"}],"about":[{"href":"https:\/\/www.encontrabuzios.com.br\/noticias\/wp-json\/wp\/v2\/types\/post"}],"author":[{"embeddable":true,"href":"https:\/\/www.encontrabuzios.com.br\/noticias\/wp-json\/wp\/v2\/users\/1"}],"replies":[{"embeddable":true,"href":"https:\/\/www.encontrabuzios.com.br\/noticias\/wp-json\/wp\/v2\/comments?post=403"}],"version-history":[{"count":1,"href":"https:\/\/www.encontrabuzios.com.br\/noticias\/wp-json\/wp\/v2\/posts\/403\/revisions"}],"predecessor-version":[{"id":404,"href":"https:\/\/www.encontrabuzios.com.br\/noticias\/wp-json\/wp\/v2\/posts\/403\/revisions\/404"}],"wp:attachment":[{"href":"https:\/\/www.encontrabuzios.com.br\/noticias\/wp-json\/wp\/v2\/media?parent=403"}],"wp:term":[{"taxonomy":"category","embeddable":true,"href":"https:\/\/www.encontrabuzios.com.br\/noticias\/wp-json\/wp\/v2\/categories?post=403"},{"taxonomy":"post_tag","embeddable":true,"href":"https:\/\/www.encontrabuzios.com.br\/noticias\/wp-json\/wp\/v2\/tags?post=403"}],"curies":[{"name":"wp","href":"https:\/\/api.w.org\/{rel}","templated":true}]}}