{"id":392,"date":"2013-10-03T15:45:47","date_gmt":"2013-10-03T15:45:47","guid":{"rendered":"http:\/\/www.encontrabuzios.com.br\/noticias\/?p=392"},"modified":"2013-10-03T15:45:47","modified_gmt":"2013-10-03T15:45:47","slug":"buzios-vai-sediar-a-festa-nordestina-neste-final-de-semana","status":"publish","type":"post","link":"https:\/\/www.encontrabuzios.com.br\/noticias\/buzios-vai-sediar-a-festa-nordestina-neste-final-de-semana\/","title":{"rendered":"B\u00fazios vai sediar a Festa Nordestina neste final de semana"},"content":{"rendered":"<div id=\"materia-letra\">\n<div>\n<div>\n<p>A partir da pr\u00f3xima sexta-feira(4), a prefeitura de Arma\u00e7\u00e3o dos B\u00fazios, Regi\u00e3o dos Lagos do Rio, realizar\u00e1 a 1\u00aa Festa Nordestina, na Pra\u00e7a de S\u00e3o Jos\u00e9. O evento, que contar\u00e1 com barraquinhas de comidas e artesanato t\u00edpicos do nordeste, al\u00e9m de shows variados de forr\u00f3, pagode e MPB, se estender\u00e1 at\u00e9 o domingo (6).<\/p>\n<p>Nos dois primeiros dias, a festa est\u00e1 marcada para come\u00e7ar \u00e0s 20h. J\u00e1 no domingo, come\u00e7ar\u00e1 ao meio-dia, encerrando por volta das 20h.<\/p>\n<p>A programa\u00e7\u00e3o de shows inclui Banda MD3 e Lenildo do Forr\u00f3, na sexta-feira (4); Forrox\u00e9 e Os Mineirinhos, no s\u00e1bado (5), e Tony Lima e Andr\u00e9 Viana e Banda, no domingo (6).<\/p>\n<p>A festa ser\u00e1 realizada como homenagem aos nordestinos moradores da cidade e atende \u00e0 Lei n\u00ba 984, de 29 de agosto de 2013, que institui a realiza\u00e7\u00e3o da Semana do Imigrante Nordestino, anualmente, no \u00faltimo final de semana de agosto.<\/p>\n<p>Para melhor realiza\u00e7\u00e3o do evento, a festa, que j\u00e1 est\u00e1 inclu\u00edda no Calend\u00e1rio de Eventos Oficial do munic\u00edpio, foi transferida, este ano, para o primeiro final de semana de outubro.<\/p>\n<\/div>\n<\/div>\n<\/div>\n","protected":false},"excerpt":{"rendered":"<p>A partir da pr\u00f3xima sexta-feira(4), a prefeitura de Arma\u00e7\u00e3o dos B\u00fazios, Regi\u00e3o dos Lagos do Rio, realizar\u00e1 a 1\u00aa Festa Nordestina, na Pra\u00e7a de S\u00e3o Jos\u00e9. O evento, que contar\u00e1 com barraquinhas de comidas e artesanato t\u00edpicos do nordeste, al\u00e9m de shows variados de forr\u00f3, pagode e MPB, se estender\u00e1 at\u00e9 o domingo (6). Nos [&hellip;]<\/p>\n","protected":false},"author":1,"featured_media":0,"comment_status":"open","ping_status":"open","sticky":false,"template":"","format":"standard","meta":{"footnotes":""},"categories":[6],"tags":[],"class_list":["post-392","post","type-post","status-publish","format-standard","hentry","category-noticias"],"_links":{"self":[{"href":"https:\/\/www.encontrabuzios.com.br\/noticias\/wp-json\/wp\/v2\/posts\/392","targetHints":{"allow":["GET"]}}],"collection":[{"href":"https:\/\/www.encontrabuzios.com.br\/noticias\/wp-json\/wp\/v2\/posts"}],"about":[{"href":"https:\/\/www.encontrabuzios.com.br\/noticias\/wp-json\/wp\/v2\/types\/post"}],"author":[{"embeddable":true,"href":"https:\/\/www.encontrabuzios.com.br\/noticias\/wp-json\/wp\/v2\/users\/1"}],"replies":[{"embeddable":true,"href":"https:\/\/www.encontrabuzios.com.br\/noticias\/wp-json\/wp\/v2\/comments?post=392"}],"version-history":[{"count":1,"href":"https:\/\/www.encontrabuzios.com.br\/noticias\/wp-json\/wp\/v2\/posts\/392\/revisions"}],"predecessor-version":[{"id":393,"href":"https:\/\/www.encontrabuzios.com.br\/noticias\/wp-json\/wp\/v2\/posts\/392\/revisions\/393"}],"wp:attachment":[{"href":"https:\/\/www.encontrabuzios.com.br\/noticias\/wp-json\/wp\/v2\/media?parent=392"}],"wp:term":[{"taxonomy":"category","embeddable":true,"href":"https:\/\/www.encontrabuzios.com.br\/noticias\/wp-json\/wp\/v2\/categories?post=392"},{"taxonomy":"post_tag","embeddable":true,"href":"https:\/\/www.encontrabuzios.com.br\/noticias\/wp-json\/wp\/v2\/tags?post=392"}],"curies":[{"name":"wp","href":"https:\/\/api.w.org\/{rel}","templated":true}]}}