{"id":379,"date":"2013-08-27T06:48:18","date_gmt":"2013-08-27T06:48:18","guid":{"rendered":"http:\/\/www.encontrabuzios.com.br\/noticias\/?p=379"},"modified":"2013-08-27T14:49:11","modified_gmt":"2013-08-27T14:49:11","slug":"semana-villa-lobos-oferece-cinema-musica-e-palestras-em-buzios","status":"publish","type":"post","link":"https:\/\/www.encontrabuzios.com.br\/noticias\/semana-villa-lobos-oferece-cinema-musica-e-palestras-em-buzios\/","title":{"rendered":"Semana Villa-Lobos oferece cinema, m\u00fasica e palestras em B\u00fazios"},"content":{"rendered":"<p>At\u00e9 sexta-feira, dia 30 de agosto, a Prefeitura de B\u00fazios promove, por meio da Secretaria de Cultura e Patrim\u00f4nio Hist\u00f3rico, a Semana Villa-Lobos, evento que oferece diversas atividades culturais, tais como palestras sobre arte, apresenta\u00e7\u00f5es musicais, roda de choro, sess\u00f5es de filmes e workshops sobre temas distintos. A entrada e a participa\u00e7\u00e3o s\u00e3o gratuitas, e as atividades acontecem na Escola de M\u00fasica Tom Jobim \u2013 N\u00facleo Avan\u00e7ado Villa Lobos (Rua dos Gravat\u00e1s, n\u00ba 49, Gerib\u00e1).<\/p>\n<p>A Semana teve in\u00edcio na \u00faltima segunda-feira, dia 26, com a realiza\u00e7\u00e3o de oficina sobre musicaliza\u00e7\u00e3o, apresenta\u00e7\u00e3o de coro infantil e coro adulto e workshop sobre a profiss\u00e3o de m\u00fasico, al\u00e9m de outras atividades. A programa\u00e7\u00e3o segue nesta ter\u00e7a-feira, dia 27, com workshop sobre musicalidade e criatividade, \u00e0s 14h; apresenta\u00e7\u00e3o de alunos, \u00e0s 15h, e, \u00e0s 18h, oficina de percuss\u00e3o.<\/p>\n<p>Outras informa\u00e7\u00f5es sobre a Semana Villa-Lobos de B\u00fazios pelo n\u00famero: (22) 2623-4450.<\/p>\n","protected":false},"excerpt":{"rendered":"<p>At\u00e9 sexta-feira, dia 30 de agosto, a Prefeitura de B\u00fazios promove, por meio da Secretaria de Cultura e Patrim\u00f4nio Hist\u00f3rico, a Semana Villa-Lobos, evento que oferece diversas atividades culturais, tais como palestras sobre arte, apresenta\u00e7\u00f5es musicais, roda de choro, sess\u00f5es de filmes e workshops sobre temas distintos. A entrada e a participa\u00e7\u00e3o s\u00e3o gratuitas, e [&hellip;]<\/p>\n","protected":false},"author":1,"featured_media":0,"comment_status":"open","ping_status":"open","sticky":false,"template":"","format":"standard","meta":{"footnotes":""},"categories":[6],"tags":[],"class_list":["post-379","post","type-post","status-publish","format-standard","hentry","category-noticias"],"_links":{"self":[{"href":"https:\/\/www.encontrabuzios.com.br\/noticias\/wp-json\/wp\/v2\/posts\/379","targetHints":{"allow":["GET"]}}],"collection":[{"href":"https:\/\/www.encontrabuzios.com.br\/noticias\/wp-json\/wp\/v2\/posts"}],"about":[{"href":"https:\/\/www.encontrabuzios.com.br\/noticias\/wp-json\/wp\/v2\/types\/post"}],"author":[{"embeddable":true,"href":"https:\/\/www.encontrabuzios.com.br\/noticias\/wp-json\/wp\/v2\/users\/1"}],"replies":[{"embeddable":true,"href":"https:\/\/www.encontrabuzios.com.br\/noticias\/wp-json\/wp\/v2\/comments?post=379"}],"version-history":[{"count":1,"href":"https:\/\/www.encontrabuzios.com.br\/noticias\/wp-json\/wp\/v2\/posts\/379\/revisions"}],"predecessor-version":[{"id":380,"href":"https:\/\/www.encontrabuzios.com.br\/noticias\/wp-json\/wp\/v2\/posts\/379\/revisions\/380"}],"wp:attachment":[{"href":"https:\/\/www.encontrabuzios.com.br\/noticias\/wp-json\/wp\/v2\/media?parent=379"}],"wp:term":[{"taxonomy":"category","embeddable":true,"href":"https:\/\/www.encontrabuzios.com.br\/noticias\/wp-json\/wp\/v2\/categories?post=379"},{"taxonomy":"post_tag","embeddable":true,"href":"https:\/\/www.encontrabuzios.com.br\/noticias\/wp-json\/wp\/v2\/tags?post=379"}],"curies":[{"name":"wp","href":"https:\/\/api.w.org\/{rel}","templated":true}]}}